{"id":8859,"date":"2020-12-31T08:00:57","date_gmt":"2020-12-31T07:00:57","guid":{"rendered":"https:\/\/melillamonumental.es\/?p=8859"},"modified":"2025-06-22T12:41:10","modified_gmt":"2025-06-22T11:41:10","slug":"conociendo-nuestro-patrimonio-antiguo-mercado-central-ii","status":"publish","type":"post","link":"https:\/\/melillamonumental.es\/ar\/conociendo-nuestro-patrimonio-antiguo-mercado-central-ii\/","title":{"rendered":"Conociendo nuestro patrimonio Antiguo Mercado Central (II)"},"content":{"rendered":"<p>[vc_row][vc_column][vc_column_text]En El Telegrama del Rif de 9 de junio de 1925 aparec\u00edan en la primera p\u00e1gina unas l\u00edneas dedicadas a este nuevo mercado del Pol\u00edgono:<\/p>\n<p>\u201cLos populosos barrios del Pol\u00edgono, General Jordana, Pr\u00edncipe de Asturias, Bater\u00eda J y Cabrerizas Altas, se surt\u00edan de v\u00edveres en un mercado provisional [&#8230;] la Junta de Arbitrios sacaba inter\u00e9s usurario.<\/p>\n<p>M\u00e1s de una vez, clamamos porque desapareciera aquel foco infeccioso, y recordamos una exacta pintura de lo que pod\u00eda calificarse de zoco moruno, hecha al describir el primero de los indicados barrios en 1917.<\/p>\n<p>La corporaci\u00f3n municipal acord\u00f3 construir otro moderno y, al efecto, se redact\u00f3 el proyecto que ha sufrido modificaciones seg\u00fan los diversos criterios imperantes, hasta cristalizar en el concluido estos d\u00edas que pronto habr\u00e1 de inaugurarse.<\/p>\n<p>Es sin duda, el mejor mercado, que cuenta la ciudad y cumple las exigencias de los servicios modernos.<\/p>\n<p>Consta de tres espaciosas naves, bien acondicionadas. La techumbre de cerchas, sirve de apoyo a planchas de palastro galvanizadas y onduladas, de un mil\u00edmetro de espesor, alquitranadas por la parte exterior y pintadas al minion y aceite al interior.<\/p>\n<p>La nave central, de cuarenta y cinco metros de largo y diecisiete de ancho, se dedica a la venta de comestibles, frutas, hortalizas, huevos y otros art\u00edculos. Las paredes van estucadas y con pintura blanca lavable en la parte no revestida de azulejos, lo mismo que la fachada.<\/p>\n<p>Dispone de cuarenta puestos cubiertos, de cierre met\u00e1lico y ciento treinta y seis cubiertos, para vendedores ambulantes.<\/p>\n<p>Las puertas de acceso, son tres; la principal da vista a la calle del General Margallo. Todas se hallan dotadas de puertas giratorias de cristales y las ventanas de telas met\u00e1licas; as\u00ed habr\u00e1 de conseguirse que los alimentos se conserven en las debidas condiciones higi\u00e9nicas.<\/p>\n<p>Las otras dos naves, tienen veinte metros de largo, por nueve de ancho, y se destinan a carnecer\u00eda y pescader\u00eda, con puertas al exterior y a la nave principal.<\/p>\n<p>La carnecer\u00eda dispone de veintitr\u00e9s puestos, revestidas las paredes de blancos azulejos y dotadas de puertas met\u00e1licas, especiales para la ventilaci\u00f3n.<\/p>\n<p>La pescader\u00eda tiene mayor n\u00famero de puestos, treinta y nueve, de menores dimensiones, con mostradores de piedra artificial.<\/p>\n<p>Hay varias fuentes en el interior para todos los servicios. En suma, se han tenido en cuenta los preceptos higi\u00e9nicos y la smodernas necesidades de los mercados. El proyecto es del Ingeniero municipal se\u00f1or Palanca.<\/p>\n<p>En estudio est\u00e1 el gran mercado central, que alejar\u00e1 del Mantelete- llamado a un gran porvenir- el que se construyera en tiempo del general Alc\u00e1ntara y el provisional de la esplanada inmediata al cuartel de Caballer\u00eda.<\/p>\n<p>Cuando se lleve a la pr\u00e1ctica, podr\u00e1 decir nuestra ciudad que en \u00e9ste orden de cosas, satisface a los m\u00e1s exigentes.\u201d<\/p>\n<p>En noviembre de este a\u00f1o se reun\u00eda la secci\u00f3n segunda de la Junta de Arbitrios bajo la presidencia del coronel Sanz Pelayo y con la asistencia de los vocales, se\u00f1ores coronel Coll, Linares, Bernardi y Bayona. En sendas reuniones adjudicaron los puestos de venta de comestibles y los de la expedici\u00f3n de pescado y carne.<\/p>\n<p>En la edifici\u00f3n de este diario local de 16 de enero de 1926 se daba cuenta de su inauguraci\u00f3n:<\/p>\n<p>\u201cAyer ma\u00f1ana, seg\u00fan se hab\u00eda anunciado, tuvo lugar oficialmente la inauguraci\u00f3n del hermoso mercado constru\u00eddo en el barrio del Pol\u00edgono, que ha venido a sustituir al que antiguamente exist\u00eda en dicho lugar, por cuya desaparici\u00f3n abogamos repetidamente ya que constitu\u00eda un verdadero foco infeccioso, pues m\u00e1s que mercado semejaba un zoco moruno.<\/p>\n<p>El nuevo mercado, sin duda alguna el mejor con que cuenta la ciudad, cumple las exigencias de las modernas necesidades en las obras de esta clase, en la cual se han tenido en cuenta todos los preceptos higi\u00e9nicos&#8230;\u201d<\/p>\n<p>A continuaci\u00f3n se realizaba una descripci\u00f3n igual a la publicada en el mes de junio de 1925. Prosigue el texto:<\/p>\n<p>&nbsp;<\/p>\n<p>\u201cHay locales, destinados al inspector de mercados, conserje, servicio de repeso y otros destinados a almacenes.<\/p>\n<p>El nuevo mercado que habr\u00e1 de proporcionar un importante ingreso de la Junta de Arbitrios, es de gran porvenir, pues a \u00e9l acuden los vecinos de diversos barrios.<\/p>\n<p>El proyecto ha sido confeccionado por el Ingeniero de la Corporaci\u00f3n Municipal se\u00f1or Palanca, habiendo estado a sus \u00f3rdenes durante la realizaci\u00f3n de los trabajos el sobrestante se\u00f1or Lacaci.<\/p>\n<p>El acto de la inauguraci\u00f3n se verific\u00f3 a las ocho de la ma\u00f1ana a partir de cuya hora las diferentes naves se vieron invandidas por enorme gent\u00edo, hasta el extremo de resultar insuficiente el amplio local.<\/p>\n<p>La animaci\u00f3n se prolong\u00f3 hasta mediod\u00eda, haciendo crecidas ventas las comerciantes e industriales all\u00ed establecidos.<\/p>\n<p>Todos los puestos de pescader\u00eda, carnecer\u00eda y ambulantes, funcionaron desde el primer momento; pero no as\u00ed los destinados a comestibles, por no haberle sido posible a algunos concesionarios, trasladar las mercanc\u00edas desde la plaza de Mart\u00ednez Campos, donde provisionalmente se hab\u00eda instalado el mercado.<\/p>\n<p>Con arreglo a lo dispuesto por la Secci\u00f3n segunda de la Corporaci\u00f3n Municipal, que entiende en lo referente a mercados, los concesionarios de los diversos puestos, como as\u00ed mismo la dependencia de sus servicios, vesti\u00e1n blusones claros.<\/p>\n<p>Desde primera hora de la ma\u00f1ana, se hallaban en el mercado esperando la llegada de las autoridades,el presidente de la referida secci\u00f3n, coronel Sanz Pelayo, vocal inspector del servicio de mercados se\u00f1or Bernardi y sub jefe de mercados se\u00f1or Santapau.<\/p>\n<p>Prestan servicio en este nuevo edificio p\u00fablico, un conserje, dos pesadores y vigilantes diurnos y nocturnos.<\/p>\n<p>A las once de la ma\u00f1ana hicieron acto de presencia en el nuevo mercado el Comandante General se\u00f1or Castro Girona, General Presidente de la Junta de Arbitrios, se\u00f1or Garc\u00eda Aldave, sus respectivos ayudantes y casi todos los vocales civiles y militares de la Corporaci\u00f3n Municipal.<\/p>\n<p>SS.EE. recorrieron los diversos locales, teniendo el General Castro Girona frases de cordial felicitaci\u00f3n para el general Garc\u00eda Aldave y para la Junta de Arbitrios, que de tan excelente mejora ha dotado a la ciudad.<\/p>\n<p>Los se\u00f1ores Sanz Pelayo y Bernardi, acompa\u00f1aron a los Generales Castro Girona y Garc\u00eda Aldave y a sus compa\u00f1eros de la Corporaci\u00f3n Municipal, inform\u00e1ndoles del funcionamiento de los distintos servicios.<\/p>\n<p>Termianda la visita al mercado SS.EE. y los vocales de la Junta se trasladaron a la C\u00e1mara frigor\u00edfica que, como es sabido, se halla a punto de ser terminada, cerca del nuevo edificio.<\/p>\n<p>En primer t\u00e9rmino se halla el dep\u00f3sito destinado a m\u00e1quinas, que ser\u00e1n montadas dentro, de breve plazo, y a continuaci\u00f3n dos naves destinadas a la conservaci\u00f3n del pescado; otra para conservaci\u00f3n de huevos y otra para la de quesos y mantecas.<\/p>\n<p>Seg\u00fan es sabido, tanto el techo como las paredes y el suelo se hallan constru\u00eddos a base de tres capas de corcho, de nueve cent\u00edmetros de espesor cada una, o sea un total de 27 cent\u00edmetros de aislamiento.<\/p>\n<p>Los departamentos cuentan con desag\u00fces y entradas espaciosas, \u00e9stas a fin de facilitar el transporte de las mercanc\u00edas.<\/p>\n<p>La parte superior cuenta con cuatro dependencias destinadas a almacenes.<\/p>\n<p>El General Castro Girona felicit\u00f3 nuevamente al General Garc\u00eda Aldave y a la Corporaci\u00f3n Municipal, haci\u00e9ndolo todos al ingeniero se\u00f1or Palanca, autor de ambos proyectos.\u201d<\/p>\n<p>Una vez fue inaugurado el mercado central de la calle Garc\u00eda Cabrelles, este edificio cerr\u00f3 definitivamente.<\/p>\n<p>En 2019 volv\u00eda a reabrir sus puertas tras la rehabilitaci\u00f3n efectuada por \u00c1ngel Verdasco Arquitectos. En www.promateriales.com encontramos un art\u00edculo en el que se describen las \u00faltimas obras realizadas en este emblem\u00e1tico edificio:<\/p>\n<p>\u201cEl Antiguo Mercado Central, est\u00e1 situado en el popular barrio del Pol\u00edgono, utiliz\u00e1ndose hasta el a\u00f1o 2003, cuando se traslad\u00f3 su actividad a un nuevo edificio construido en un \u00e1rea pr\u00f3xima. En ese momento, el viejo mercado cerr\u00f3 y qued\u00f3 en estado de total abandono.<\/p>\n<p>Posteriormente, en 2008 la Ciudad de Melilla lo cedi\u00f3 al Estado, el cual convoc\u00f3 un concurso de arquitectura nacional cuyo principal objetivo consist\u00eda en desarrollar una propuesta para adecuarlo y trasladar all\u00ed tres centros educativos de la ciudad que necesitaban m\u00e1s espacio: el Conservatorio Profesional de M\u00fasica, la Escuela oficial de idiomas y el Centro de Educaci\u00f3n de Adultos. Y, en consecuencia, realizar el equipamiento educativo m\u00e1s importante de la ciudad.<\/p>\n<p>El Antiguo Mercado (Ingeniero Jorge Palanca, 1923-26) constaba de tres naves rectangulares de dos alturas y distinto tama\u00f1o para Frutas y Verduras, Carne y Pescados y ten\u00eda una superficie de 1.940 m2.<\/p>\n<p>Dispon\u00eda de tres accesos con cubiertas de chapa met\u00e1lica abovedada, carpinterias de madera con celos\u00edas y cerrajer\u00edas de elaborado dise\u00f1o. Y se sit\u00faa en un solar que es bisagra entre el ensanche cristiano, el antiguo barrio jud\u00eda y el barrio \u00e1rabe. Un entorno conflictivo y cada vez m\u00e1s radical y excluyente.<\/p>\n<p>Estas tres naves existentes se dotan de tres usos nuevos: el Conservatorio Profesional de M\u00fasica, la Escuela de Adultos y la Escuela Oficial de Idiomas.<\/p>\n<p>Adem\u00e1s, se deb\u00eda tener en cuenta que Melilla, es una ciudad donde no queda espacio para construir, por lo que el proyecto propuso eliminar las cubiertas preexistentes y extruisonar estos 3 nuevos usos hasta poder completar cada programa.<\/p>\n<p>Dada la historia del mercado, se han matenido los accesos predefinidos, los vest\u00edbulos de gran altura y se han reinterpretado los materiales desde una mirada contempor\u00e1nea. No obstante, al existir grandes diferencias de cota entre los sectores, se desarrollaron nuevas conexiones que facilitan la accesibilidad a todos.<\/p>\n<p>As\u00ed pues, se mantiene el car\u00e1cter singular del mercado. El nuevo proyecto propone una imagen exterior escalar y abstracta para todo el equipamiento, frente a la diversidad espacial y program\u00e1tica interior.<\/p>\n<p>Con el proyecto se busca densificar la ciudad pero en este caso<\/p>\n<p>[Bibliograf\u00eda: Antonio Bravo Nieto. La construcci\u00f3n de una ciudad europea en el contexto norteafricano. Ciudad Aut\u00f3noma de Melilla.1996<\/p>\n<p>Jes\u00fas Miguel S\u00e1ez Cazorla. El Mercado del Pol\u00edgono.Estampas Melillenses Blogspost<\/p>\n<p>Angel Verdasco Arquitectos. Reconversi\u00f3n del Antiguo Mercado Central, Melilla.Arquitectura de convivencia.http:\/\/www.promateriales.com][\/vc_column_text][\/vc_column][\/vc_row][vc_row][vc_column][us_grid post_type=\u00bbattachment\u00bb images=\u00bb8866,8867,8868,8869&#8243; items_layout=\u00bbgallery_default\u00bb columns=\u00bb4&#8243; img_size=\u00bbus_350_350_crop\u00bb overriding_link=\u00bbpopup_post_image\u00bb][\/vc_column][\/vc_row]<\/p>\n","protected":false},"excerpt":{"rendered":"<p>[vc_row][vc_column][vc_column_text]En El Telegrama del Rif de 9 de junio de 1925 aparec\u00edan en la primera p\u00e1gina unas l\u00edneas dedicadas a [&hellip;]<\/p>\n","protected":false},"author":27,"featured_media":8867,"comment_status":"closed","ping_status":"closed","sticky":false,"template":"","format":"standard","meta":{"_acf_changed":false,"_uag_custom_page_level_css":"","site-sidebar-layout":"default","site-content-layout":"","ast-site-content-layout":"default","site-content-style":"default","site-sidebar-style":"default","ast-global-header-display":"","ast-banner-title-visibility":"","ast-main-header-display":"","ast-hfb-above-header-display":"","ast-hfb-below-header-display":"","ast-hfb-mobile-header-display":"","site-post-title":"","ast-breadcrumbs-content":"","ast-featured-img":"","footer-sml-layout":"","ast-disable-related-posts":"","theme-transparent-header-meta":"","adv-header-id-meta":"","stick-header-meta":"","header-above-stick-meta":"","header-main-stick-meta":"","header-below-stick-meta":"","astra-migrate-meta-layouts":"default","ast-page-background-enabled":"default","ast-page-background-meta":{"desktop":{"background-color":"var(--ast-global-color-5)","background-image":"","background-repeat":"repeat","background-position":"center center","background-size":"auto","background-attachment":"scroll","background-type":"","background-media":"","overlay-type":"","overlay-color":"","overlay-opacity":"","overlay-gradient":""},"tablet":{"background-color":"","background-image":"","background-repeat":"repeat","background-position":"center center","background-size":"auto","background-attachment":"scroll","background-type":"","background-media":"","overlay-type":"","overlay-color":"","overlay-opacity":"","overlay-gradient":""},"mobile":{"background-color":"","background-image":"","background-repeat":"repeat","background-position":"center center","background-size":"auto","background-attachment":"scroll","background-type":"","background-media":"","overlay-type":"","overlay-color":"","overlay-opacity":"","overlay-gradient":""}},"ast-content-background-meta":{"desktop":{"background-color":"var(--ast-global-color-4)","background-image":"","background-repeat":"repeat","background-position":"center center","background-size":"auto","background-attachment":"scroll","background-type":"","background-media":"","overlay-type":"","overlay-color":"","overlay-opacity":"","overlay-gradient":""},"tablet":{"background-color":"var(--ast-global-color-4)","background-image":"","background-repeat":"repeat","background-position":"center center","background-size":"auto","background-attachment":"scroll","background-type":"","background-media":"","overlay-type":"","overlay-color":"","overlay-opacity":"","overlay-gradient":""},"mobile":{"background-color":"var(--ast-global-color-4)","background-image":"","background-repeat":"repeat","background-position":"center center","background-size":"auto","background-attachment":"scroll","background-type":"","background-media":"","overlay-type":"","overlay-color":"","overlay-opacity":"","overlay-gradient":""}},"footnotes":""},"categories":[54,63],"tags":[],"class_list":["post-8859","post","type-post","status-publish","format-standard","has-post-thumbnail","hentry","category-historia","category-edificaciones"],"acf":[],"uagb_featured_image_src":{"full":["https:\/\/melillamonumental.es\/wp-content\/uploads\/2020\/12\/Mercado-Central.-Fachada-calle-Alferez-Sanz.-Wikipedia-PORTADA.jpg",800,600,false],"thumbnail":["https:\/\/melillamonumental.es\/wp-content\/uploads\/2020\/12\/Mercado-Central.-Fachada-calle-Alferez-Sanz.-Wikipedia-PORTADA-80x80.jpg",80,80,true],"medium":["https:\/\/melillamonumental.es\/wp-content\/uploads\/2020\/12\/Mercado-Central.-Fachada-calle-Alferez-Sanz.-Wikipedia-PORTADA-300x225.jpg",300,225,true],"medium_large":["https:\/\/melillamonumental.es\/wp-content\/uploads\/2020\/12\/Mercado-Central.-Fachada-calle-Alferez-Sanz.-Wikipedia-PORTADA.jpg",768,576,false],"large":["https:\/\/melillamonumental.es\/wp-content\/uploads\/2020\/12\/Mercado-Central.-Fachada-calle-Alferez-Sanz.-Wikipedia-PORTADA.jpg",800,600,false],"1536x1536":["https:\/\/melillamonumental.es\/wp-content\/uploads\/2020\/12\/Mercado-Central.-Fachada-calle-Alferez-Sanz.-Wikipedia-PORTADA.jpg",800,600,false],"2048x2048":["https:\/\/melillamonumental.es\/wp-content\/uploads\/2020\/12\/Mercado-Central.-Fachada-calle-Alferez-Sanz.-Wikipedia-PORTADA.jpg",800,600,false],"trp-custom-language-flag":["https:\/\/melillamonumental.es\/wp-content\/uploads\/2020\/12\/Mercado-Central.-Fachada-calle-Alferez-Sanz.-Wikipedia-PORTADA.jpg",16,12,false]},"uagb_author_info":{"display_name":"Melilla Monumental","author_link":"https:\/\/melillamonumental.es\/ar\/author\/melilla\/"},"uagb_comment_info":0,"uagb_excerpt":"[vc_row][vc_column][vc_column_text]En El Telegrama del Rif de 9 de junio de 1925 aparec\u00edan en la primera p\u00e1gina unas l\u00edneas dedicadas a [&hellip;]","_links":{"self":[{"href":"https:\/\/melillamonumental.es\/ar\/wp-json\/wp\/v2\/posts\/8859","targetHints":{"allow":["GET"]}}],"collection":[{"href":"https:\/\/melillamonumental.es\/ar\/wp-json\/wp\/v2\/posts"}],"about":[{"href":"https:\/\/melillamonumental.es\/ar\/wp-json\/wp\/v2\/types\/post"}],"author":[{"embeddable":true,"href":"https:\/\/melillamonumental.es\/ar\/wp-json\/wp\/v2\/users\/27"}],"replies":[{"embeddable":true,"href":"https:\/\/melillamonumental.es\/ar\/wp-json\/wp\/v2\/comments?post=8859"}],"version-history":[{"count":1,"href":"https:\/\/melillamonumental.es\/ar\/wp-json\/wp\/v2\/posts\/8859\/revisions"}],"predecessor-version":[{"id":8870,"href":"https:\/\/melillamonumental.es\/ar\/wp-json\/wp\/v2\/posts\/8859\/revisions\/8870"}],"wp:featuredmedia":[{"embeddable":true,"href":"https:\/\/melillamonumental.es\/ar\/wp-json\/wp\/v2\/media\/8867"}],"wp:attachment":[{"href":"https:\/\/melillamonumental.es\/ar\/wp-json\/wp\/v2\/media?parent=8859"}],"wp:term":[{"taxonomy":"category","embeddable":true,"href":"https:\/\/melillamonumental.es\/ar\/wp-json\/wp\/v2\/categories?post=8859"},{"taxonomy":"post_tag","embeddable":true,"href":"https:\/\/melillamonumental.es\/ar\/wp-json\/wp\/v2\/tags?post=8859"}],"curies":[{"name":"wp","href":"https:\/\/api.w.org\/{rel}","templated":true}]}}