{"id":7333,"date":"2020-02-24T13:48:40","date_gmt":"2020-02-24T12:48:40","guid":{"rendered":"https:\/\/melillamonumental.es\/?p=7333"},"modified":"2020-02-24T13:48:40","modified_gmt":"2020-02-24T12:48:40","slug":"carlos-i-de-espana-y-v-del-sacro-imperio-romano-germanico-cumpleanos-del-emperador","status":"publish","type":"post","link":"https:\/\/melillamonumental.es\/fr\/carlos-i-de-espana-y-v-del-sacro-imperio-romano-germanico-cumpleanos-del-emperador\/","title":{"rendered":"Carlos I de Espa\u00f1a y V del Sacro Imperio Romano Germ\u00e1nico Cumplea\u00f1os del Emperador"},"content":{"rendered":"<p class=\"western\"><span style=\"font-family: Arial, sans-serif;\">Tal d\u00eda como hoy hace 520 a\u00f1os nac\u00eda a las 3:30 horas de la madrugada en la ciudad belga de Gante, Carlos, el segundo de los hijos de Juana I de Castilla y de Felipe I el Hermoso. Nieto por l\u00ednea materna de Isabel I de Castilla y Fernando II de Arag\u00f3n y por l\u00ednea paterna de Maximiliano I de Habsburgo y de Mar\u00eda de Borgo\u00f1a.<\/span><\/p>\n<p class=\"western\"><span style=\"font-family: Arial, sans-serif;\"> Aunque su madre deseaba haberle llamado Juan en recuerdo a su hermano fallecido, finalmente fue bautizado como Carlos el 7 de marzo en la catedral de San Bav\u00f3n (entonces iglesia parroquial dedicada a San Juan Bautista), en homenaje a su bisabuelo Carlos el Temerario, muerto en la batalla de Nancy en 1477.<\/span><\/p>\n<p class=\"western\"><span style=\"font-family: Arial, sans-serif;\">En aquella ceremonia actuaron como madrinas su t\u00eda Margarita de Austria (mujer de Juan de Castilla), quien con los a\u00f1os ser\u00eda como una madre para \u00e9l y Margarita de York (esposa que hab\u00eda sido del mencionado Carlos el Temerario). Los padrinos fueron Carlos de Croy y el se\u00f1or de Verg\u00e1s.<\/span><\/p>\n<p class=\"western\"><span style=\"font-family: Arial, sans-serif;\">Curiosamente en el mismo d\u00eda pero 45 a\u00f1os despu\u00e9s nac\u00eda en Ratisbona su hijo D. Juan de Austria.<\/span><\/p>","protected":false},"excerpt":{"rendered":"<p>Tal d\u00eda como hoy hace 520 a\u00f1os nac\u00eda a las 3:30 horas de la madrugada en la ciudad belga de [&hellip;]<\/p>\n","protected":false},"author":27,"featured_media":7334,"comment_status":"closed","ping_status":"closed","sticky":false,"template":"","format":"standard","meta":{"_acf_changed":false,"_uag_custom_page_level_css":"","site-sidebar-layout":"default","site-content-layout":"","ast-site-content-layout":"default","site-content-style":"default","site-sidebar-style":"default","ast-global-header-display":"","ast-banner-title-visibility":"","ast-main-header-display":"","ast-hfb-above-header-display":"","ast-hfb-below-header-display":"","ast-hfb-mobile-header-display":"","site-post-title":"","ast-breadcrumbs-content":"","ast-featured-img":"","footer-sml-layout":"","ast-disable-related-posts":"","theme-transparent-header-meta":"","adv-header-id-meta":"","stick-header-meta":"","header-above-stick-meta":"","header-main-stick-meta":"","header-below-stick-meta":"","astra-migrate-meta-layouts":"default","ast-page-background-enabled":"default","ast-page-background-meta":{"desktop":{"background-color":"var(--ast-global-color-5)","background-image":"","background-repeat":"repeat","background-position":"center center","background-size":"auto","background-attachment":"scroll","background-type":"","background-media":"","overlay-type":"","overlay-color":"","overlay-opacity":"","overlay-gradient":""},"tablet":{"background-color":"","background-image":"","background-repeat":"repeat","background-position":"center center","background-size":"auto","background-attachment":"scroll","background-type":"","background-media":"","overlay-type":"","overlay-color":"","overlay-opacity":"","overlay-gradient":""},"mobile":{"background-color":"","background-image":"","background-repeat":"repeat","background-position":"center center","background-size":"auto","background-attachment":"scroll","background-type":"","background-media":"","overlay-type":"","overlay-color":"","overlay-opacity":"","overlay-gradient":""}},"ast-content-background-meta":{"desktop":{"background-color":"var(--ast-global-color-4)","background-image":"","background-repeat":"repeat","background-position":"center center","background-size":"auto","background-attachment":"scroll","background-type":"","background-media":"","overlay-type":"","overlay-color":"","overlay-opacity":"","overlay-gradient":""},"tablet":{"background-color":"var(--ast-global-color-4)","background-image":"","background-repeat":"repeat","background-position":"center center","background-size":"auto","background-attachment":"scroll","background-type":"","background-media":"","overlay-type":"","overlay-color":"","overlay-opacity":"","overlay-gradient":""},"mobile":{"background-color":"var(--ast-global-color-4)","background-image":"","background-repeat":"repeat","background-position":"center center","background-size":"auto","background-attachment":"scroll","background-type":"","background-media":"","overlay-type":"","overlay-color":"","overlay-opacity":"","overlay-gradient":""}},"footnotes":""},"categories":[5],"tags":[],"class_list":["post-7333","post","type-post","status-publish","format-standard","has-post-thumbnail","hentry","category-noticias"],"acf":[],"uagb_featured_image_src":{"full":["https:\/\/melillamonumental.es\/wp-content\/uploads\/2020\/02\/Busto-de-Carlos-V.jpg",1366,768,false],"thumbnail":["https:\/\/melillamonumental.es\/wp-content\/uploads\/2020\/02\/Busto-de-Carlos-V-80x80.jpg",80,80,true],"medium":["https:\/\/melillamonumental.es\/wp-content\/uploads\/2020\/02\/Busto-de-Carlos-V-300x169.jpg",300,169,true],"medium_large":["https:\/\/melillamonumental.es\/wp-content\/uploads\/2020\/02\/Busto-de-Carlos-V.jpg",768,432,false],"large":["https:\/\/melillamonumental.es\/wp-content\/uploads\/2020\/02\/Busto-de-Carlos-V-1030x579.jpg",1030,579,true],"1536x1536":["https:\/\/melillamonumental.es\/wp-content\/uploads\/2020\/02\/Busto-de-Carlos-V-1536x864.jpg",1536,864,true],"2048x2048":["https:\/\/melillamonumental.es\/wp-content\/uploads\/2020\/02\/Busto-de-Carlos-V.jpg",1366,768,false],"trp-custom-language-flag":["https:\/\/melillamonumental.es\/wp-content\/uploads\/2020\/02\/Busto-de-Carlos-V.jpg",18,10,false]},"uagb_author_info":{"display_name":"Melilla Monumental","author_link":"https:\/\/melillamonumental.es\/fr\/author\/melilla\/"},"uagb_comment_info":0,"uagb_excerpt":"Tal d\u00eda como hoy hace 520 a\u00f1os nac\u00eda a las 3:30 horas de la madrugada en la ciudad belga de [&hellip;]","_links":{"self":[{"href":"https:\/\/melillamonumental.es\/fr\/wp-json\/wp\/v2\/posts\/7333","targetHints":{"allow":["GET"]}}],"collection":[{"href":"https:\/\/melillamonumental.es\/fr\/wp-json\/wp\/v2\/posts"}],"about":[{"href":"https:\/\/melillamonumental.es\/fr\/wp-json\/wp\/v2\/types\/post"}],"author":[{"embeddable":true,"href":"https:\/\/melillamonumental.es\/fr\/wp-json\/wp\/v2\/users\/27"}],"replies":[{"embeddable":true,"href":"https:\/\/melillamonumental.es\/fr\/wp-json\/wp\/v2\/comments?post=7333"}],"version-history":[{"count":1,"href":"https:\/\/melillamonumental.es\/fr\/wp-json\/wp\/v2\/posts\/7333\/revisions"}],"predecessor-version":[{"id":7335,"href":"https:\/\/melillamonumental.es\/fr\/wp-json\/wp\/v2\/posts\/7333\/revisions\/7335"}],"wp:featuredmedia":[{"embeddable":true,"href":"https:\/\/melillamonumental.es\/fr\/wp-json\/wp\/v2\/media\/7334"}],"wp:attachment":[{"href":"https:\/\/melillamonumental.es\/fr\/wp-json\/wp\/v2\/media?parent=7333"}],"wp:term":[{"taxonomy":"category","embeddable":true,"href":"https:\/\/melillamonumental.es\/fr\/wp-json\/wp\/v2\/categories?post=7333"},{"taxonomy":"post_tag","embeddable":true,"href":"https:\/\/melillamonumental.es\/fr\/wp-json\/wp\/v2\/tags?post=7333"}],"curies":[{"name":"wp","href":"https:\/\/api.w.org\/{rel}","templated":true}]}}